{"id":9374,"date":"2023-10-05T10:46:42","date_gmt":"2023-10-05T09:46:42","guid":{"rendered":"https:\/\/www.heliotropion.fr\/?p=9374"},"modified":"2024-07-24T05:05:49","modified_gmt":"2024-07-24T04:05:49","slug":"residence-cc-du-vimeu","status":"publish","type":"post","link":"https:\/\/www.heliotropion.fr\/it\/residence-cc-du-vimeu\/","title":{"rendered":"R\u00e9sidence \/\/ CC du Vimeu"},"content":{"rendered":"[vc_row][vc_column width=&#8221;1\/2&#8243;][vc_column_text]R\u00e9sidence mission au sein de la Communaut\u00e9 de Communes du Vimeu (80).<\/p>\n<p>Apr\u00e8s une premi\u00e8re semaine d\u2019immersion du 16 au 29 octobre, les artistes de la compagnie seront sur le territoire entre le 15 janvier et le 18 juin.<br \/>\nUne rencontre avec les habitants \u00e0 travers un projet pluridisciplinaire : ateliers, performances, spectacles \u2026<\/p>\n<p>Avec le soutien : DRAC Hauts-de-France et la Communaut\u00e9 de communes du Vimeu<br \/>\nPour plus d\u2019information :<br \/>\n<a href=\"https:\/\/ccvimeu.fr\/\" target=\"_blank\" rel=\"noopener\">CC du vimeu<\/a>[\/vc_column_text][\/vc_column][vc_column width=&#8221;1\/2&#8243;][vc_single_image image=&#8221;9377&#8243; style=&#8221;vc_box_rounded&#8221; onclick=&#8221;zoom&#8221;][\/vc_column][\/vc_row]\n","protected":false},"excerpt":{"rendered":"<p>[vc_row][vc_column width=&#8221;1\/2&#8243;][vc_column_text]R\u00e9sidence mission au sein de la Communaut\u00e9 de Communes du Vimeu (80). Apr\u00e8s une premi\u00e8re semaine d\u2019immersion du 16 au 29 octobre, les artistes de la compagnie seront sur le territoire entre le 15 janvier et le 18 juin.&hellip;<\/p>\n","protected":false},"author":3,"featured_media":9377,"comment_status":"closed","ping_status":"closed","sticky":false,"template":"","format":"standard","meta":{"_seopress_robots_primary_cat":"none","_seopress_titles_title":"","_seopress_titles_desc":"","_seopress_robots_index":"","footnotes":""},"categories":[33],"tags":[],"post_series":[],"class_list":["post-9374","post","type-post","status-publish","format-standard","has-post-thumbnail","hentry","category-projet","entry","has-media"],"_links":{"self":[{"href":"https:\/\/www.heliotropion.fr\/it\/wp-json\/wp\/v2\/posts\/9374"}],"collection":[{"href":"https:\/\/www.heliotropion.fr\/it\/wp-json\/wp\/v2\/posts"}],"about":[{"href":"https:\/\/www.heliotropion.fr\/it\/wp-json\/wp\/v2\/types\/post"}],"author":[{"embeddable":true,"href":"https:\/\/www.heliotropion.fr\/it\/wp-json\/wp\/v2\/users\/3"}],"replies":[{"embeddable":true,"href":"https:\/\/www.heliotropion.fr\/it\/wp-json\/wp\/v2\/comments?post=9374"}],"version-history":[{"count":5,"href":"https:\/\/www.heliotropion.fr\/it\/wp-json\/wp\/v2\/posts\/9374\/revisions"}],"predecessor-version":[{"id":9533,"href":"https:\/\/www.heliotropion.fr\/it\/wp-json\/wp\/v2\/posts\/9374\/revisions\/9533"}],"wp:featuredmedia":[{"embeddable":true,"href":"https:\/\/www.heliotropion.fr\/it\/wp-json\/wp\/v2\/media\/9377"}],"wp:attachment":[{"href":"https:\/\/www.heliotropion.fr\/it\/wp-json\/wp\/v2\/media?parent=9374"}],"wp:term":[{"taxonomy":"category","embeddable":true,"href":"https:\/\/www.heliotropion.fr\/it\/wp-json\/wp\/v2\/categories?post=9374"},{"taxonomy":"post_tag","embeddable":true,"href":"https:\/\/www.heliotropion.fr\/it\/wp-json\/wp\/v2\/tags?post=9374"},{"taxonomy":"post_series","embeddable":true,"href":"https:\/\/www.heliotropion.fr\/it\/wp-json\/wp\/v2\/post_series?post=9374"}],"curies":[{"name":"wp","href":"https:\/\/api.w.org\/{rel}","templated":true}]}}