{"id":9084,"date":"2022-06-06T12:03:27","date_gmt":"2022-06-06T11:03:27","guid":{"rendered":"https:\/\/www.heliotropion.fr\/?p=9084"},"modified":"2022-07-06T13:34:09","modified_gmt":"2022-07-06T12:34:09","slug":"du-27-juin-au-3-juillet","status":"publish","type":"post","link":"https:\/\/www.heliotropion.fr\/it\/du-27-juin-au-3-juillet\/","title":{"rendered":"Du 27 juin au 3 juillet"},"content":{"rendered":"[vc_row][vc_column width=&#8221;1\/2&#8243;][vc_column_text]\u00ab Passage.s d\u2019o\u00f9 viens tu ? \u00bb<\/p>\n<p>\/\/ R\u00e9sidence\u00a0<span class=\"\">au [STUDIO ANTIPODES] \u00e0 Nice<\/span><\/p>\n<p>Sortie de r\u00e9sidence le 3 juillet \u00e0 19 h<\/p>\n<p>Nouveau projet de cr\u00e9ation (2022-23)<br \/>\nVolet # 1 du projet<br \/>\ndanse, textes, th\u00e9\u00e2tre d\u2019objets, musique<\/p>\n<p>La compagnie a d\u00e9marr\u00e9 une phase de recherche et d\u2019exp\u00e9rimentation pour la cr\u00e9ation d&#8217;une pi\u00e8ce chor\u00e9graphique et sonore con\u00e7ue pour les jeunes spectateurs.<\/p>\n<p><strong>Passage.s \u2010 d\u2019o\u00f9 viens tu ?<\/strong> est une proposition sensible qui souhaite susciter une r\u00e9flexion chez les jeunes spectateurs sur des questionnements actuels tels que la diff\u00e9rence, l\u2019identit\u00e9, les migrations.<br \/>\nElle aborde avec sensibilit\u00e9 ces sujets pour porter avec eux un message positif dans un voyage imaginaire, o\u00f9 trois artistes nous m\u00e8nent avec po\u00e9sie, humour et \u00e9nergie \u00e0 la rencontre de l\u2019autre\u2026<\/p>\n<p>Pour plus d&#8217;informations :<br \/>\n<a href=\"https:\/\/www.compagnie-antipodes.com\" target=\"_blank\" rel=\"noopener\">Studio Antipodes<\/a>[\/vc_column_text][\/vc_column][vc_column width=&#8221;1\/2&#8243;][vc_single_image image=&#8221;9080&#8243; style=&#8221;vc_box_rounded&#8221; onclick=&#8221;zoom&#8221;][\/vc_column][\/vc_row]\n","protected":false},"excerpt":{"rendered":"<p>[vc_row][vc_column width=&#8221;1\/2&#8243;][vc_column_text]\u00ab Passage.s d\u2019o\u00f9 viens tu ? \u00bb \/\/ R\u00e9sidence\u00a0au [STUDIO ANTIPODES] \u00e0 Nice Sortie de r\u00e9sidence le 3 juillet \u00e0 19 h Nouveau projet de cr\u00e9ation (2022-23) Volet # 1 du projet danse, textes, th\u00e9\u00e2tre d\u2019objets, musique La compagnie&hellip;<\/p>\n","protected":false},"author":3,"featured_media":9080,"comment_status":"closed","ping_status":"closed","sticky":false,"template":"","format":"standard","meta":{"_seopress_robots_primary_cat":"none","_seopress_titles_title":"","_seopress_titles_desc":"","_seopress_robots_index":"","footnotes":""},"categories":[4,7],"tags":[],"post_series":[],"class_list":["post-9084","post","type-post","status-publish","format-standard","has-post-thumbnail","hentry","category-les-news","category-spectacle","entry","has-media"],"_links":{"self":[{"href":"https:\/\/www.heliotropion.fr\/it\/wp-json\/wp\/v2\/posts\/9084"}],"collection":[{"href":"https:\/\/www.heliotropion.fr\/it\/wp-json\/wp\/v2\/posts"}],"about":[{"href":"https:\/\/www.heliotropion.fr\/it\/wp-json\/wp\/v2\/types\/post"}],"author":[{"embeddable":true,"href":"https:\/\/www.heliotropion.fr\/it\/wp-json\/wp\/v2\/users\/3"}],"replies":[{"embeddable":true,"href":"https:\/\/www.heliotropion.fr\/it\/wp-json\/wp\/v2\/comments?post=9084"}],"version-history":[{"count":0,"href":"https:\/\/www.heliotropion.fr\/it\/wp-json\/wp\/v2\/posts\/9084\/revisions"}],"wp:featuredmedia":[{"embeddable":true,"href":"https:\/\/www.heliotropion.fr\/it\/wp-json\/wp\/v2\/media\/9080"}],"wp:attachment":[{"href":"https:\/\/www.heliotropion.fr\/it\/wp-json\/wp\/v2\/media?parent=9084"}],"wp:term":[{"taxonomy":"category","embeddable":true,"href":"https:\/\/www.heliotropion.fr\/it\/wp-json\/wp\/v2\/categories?post=9084"},{"taxonomy":"post_tag","embeddable":true,"href":"https:\/\/www.heliotropion.fr\/it\/wp-json\/wp\/v2\/tags?post=9084"},{"taxonomy":"post_series","embeddable":true,"href":"https:\/\/www.heliotropion.fr\/it\/wp-json\/wp\/v2\/post_series?post=9084"}],"curies":[{"name":"wp","href":"https:\/\/api.w.org\/{rel}","templated":true}]}}