{"id":8855,"date":"2020-09-10T08:24:58","date_gmt":"2020-09-10T07:24:58","guid":{"rendered":"https:\/\/www.heliotropion.fr\/?p=8855"},"modified":"2020-10-03T08:28:14","modified_gmt":"2020-10-03T07:28:14","slug":"du-28-septembre-au-10-octobre","status":"publish","type":"post","link":"https:\/\/www.heliotropion.fr\/it\/du-28-septembre-au-10-octobre\/","title":{"rendered":"Du 28 septembre au 10 octobre"},"content":{"rendered":"[vc_row][vc_column width=&#8221;1\/2&#8243;][vc_column_text]R\u00e9sidence CLEA &#8211; REPRISE<\/p>\n<p>\/\/ Nord Pas-de-Calais (Syndicat Mixte du Montreuillois)<\/p>\n<p>R\u00e9sidence chor\u00e9graphique dans le cadre du dispositif CLEA.<br \/>\nCe projet, d\u00e9marr\u00e9 d\u00e9but f\u00e9vrier 2020 devait se termin\u00e9 fin mai.<br \/>\nInterrompu par les dispositifs mis en place suite au COVID-19, il reprend avec certaines structures pr\u00e9vues initialement : Ateliers, rencontres, spectacles. [\/vc_column_text][\/vc_column][vc_column width=&#8221;1\/2&#8243;][vc_single_image image=&#8221;8839&#8243; style=&#8221;vc_box_rounded&#8221; onclick=&#8221;zoom&#8221;][\/vc_column][\/vc_row]\n","protected":false},"excerpt":{"rendered":"<p>[vc_row][vc_column width=&#8221;1\/2&#8243;][vc_column_text]R\u00e9sidence CLEA &#8211; REPRISE \/\/ Nord Pas-de-Calais (Syndicat Mixte du Montreuillois) R\u00e9sidence chor\u00e9graphique dans le cadre du dispositif CLEA. Ce projet, d\u00e9marr\u00e9 d\u00e9but f\u00e9vrier 2020 devait se termin\u00e9 fin mai. Interrompu par les dispositifs mis en place suite au&hellip;<\/p>\n","protected":false},"author":3,"featured_media":8839,"comment_status":"closed","ping_status":"closed","sticky":false,"template":"","format":"standard","meta":{"_seopress_robots_primary_cat":"none","_seopress_titles_title":"","_seopress_titles_desc":"","_seopress_robots_index":"","footnotes":""},"categories":[33],"tags":[],"post_series":[],"class_list":["post-8855","post","type-post","status-publish","format-standard","has-post-thumbnail","hentry","category-projet","entry","has-media"],"_links":{"self":[{"href":"https:\/\/www.heliotropion.fr\/it\/wp-json\/wp\/v2\/posts\/8855"}],"collection":[{"href":"https:\/\/www.heliotropion.fr\/it\/wp-json\/wp\/v2\/posts"}],"about":[{"href":"https:\/\/www.heliotropion.fr\/it\/wp-json\/wp\/v2\/types\/post"}],"author":[{"embeddable":true,"href":"https:\/\/www.heliotropion.fr\/it\/wp-json\/wp\/v2\/users\/3"}],"replies":[{"embeddable":true,"href":"https:\/\/www.heliotropion.fr\/it\/wp-json\/wp\/v2\/comments?post=8855"}],"version-history":[{"count":0,"href":"https:\/\/www.heliotropion.fr\/it\/wp-json\/wp\/v2\/posts\/8855\/revisions"}],"wp:featuredmedia":[{"embeddable":true,"href":"https:\/\/www.heliotropion.fr\/it\/wp-json\/wp\/v2\/media\/8839"}],"wp:attachment":[{"href":"https:\/\/www.heliotropion.fr\/it\/wp-json\/wp\/v2\/media?parent=8855"}],"wp:term":[{"taxonomy":"category","embeddable":true,"href":"https:\/\/www.heliotropion.fr\/it\/wp-json\/wp\/v2\/categories?post=8855"},{"taxonomy":"post_tag","embeddable":true,"href":"https:\/\/www.heliotropion.fr\/it\/wp-json\/wp\/v2\/tags?post=8855"},{"taxonomy":"post_series","embeddable":true,"href":"https:\/\/www.heliotropion.fr\/it\/wp-json\/wp\/v2\/post_series?post=8855"}],"curies":[{"name":"wp","href":"https:\/\/api.w.org\/{rel}","templated":true}]}}