{"id":8828,"date":"2020-08-01T00:23:27","date_gmt":"2020-07-31T23:23:27","guid":{"rendered":"https:\/\/www.heliotropion.fr\/?p=8828"},"modified":"2020-09-11T00:30:47","modified_gmt":"2020-09-10T23:30:47","slug":"du-19-au-22-aout","status":"publish","type":"post","link":"https:\/\/www.heliotropion.fr\/it\/du-19-au-22-aout\/","title":{"rendered":"Du 19 au 22 ao\u00fbt"},"content":{"rendered":"[vc_row][vc_column width=&#8221;1\/2&#8243;][vc_column_text]ICI, l\u00e0-bas<\/p>\n<p>\/\/ Aurillac<\/p>\n<p>La 35\u00e8me \u00e9dition du Festival International de Th\u00e9\u00e2tre de Rue d&#8217;Aurillac, est annul\u00e9e.<br \/>\nLes repr\u00e9sentations de notre spectacle aussi\u2026.<\/p>\n<p><a href=\"https:\/\/www.aurillac.net\/index.php\/fr\/le-festival-d-aurillac\/programmation\" target=\"_blank\" rel=\"noopener noreferrer\">Festival d&#8217;Aurillac<\/a>[\/vc_column_text][\/vc_column][vc_column width=&#8221;1\/2&#8243;][vc_single_image image=&#8221;8830&#8243; style=&#8221;vc_box_rounded&#8221; onclick=&#8221;zoom&#8221;][\/vc_column][\/vc_row]\n","protected":false},"excerpt":{"rendered":"<p>[vc_row][vc_column width=&#8221;1\/2&#8243;][vc_column_text]ICI, l\u00e0-bas \/\/ Aurillac La 35\u00e8me \u00e9dition du Festival International de Th\u00e9\u00e2tre de Rue d&#8217;Aurillac, est annul\u00e9e. Les repr\u00e9sentations de notre spectacle aussi\u2026. Festival d&#8217;Aurillac[\/vc_column_text][\/vc_column][vc_column width=&#8221;1\/2&#8243;][vc_single_image image=&#8221;8830&#8243; style=&#8221;vc_box_rounded&#8221; onclick=&#8221;zoom&#8221;][\/vc_column][\/vc_row]<\/p>\n","protected":false},"author":3,"featured_media":8830,"comment_status":"closed","ping_status":"closed","sticky":false,"template":"","format":"standard","meta":{"_seopress_robots_primary_cat":"none","_seopress_titles_title":"","_seopress_titles_desc":"","_seopress_robots_index":"","footnotes":""},"categories":[7],"tags":[],"post_series":[],"class_list":["post-8828","post","type-post","status-publish","format-standard","has-post-thumbnail","hentry","category-spectacle","entry","has-media"],"_links":{"self":[{"href":"https:\/\/www.heliotropion.fr\/it\/wp-json\/wp\/v2\/posts\/8828"}],"collection":[{"href":"https:\/\/www.heliotropion.fr\/it\/wp-json\/wp\/v2\/posts"}],"about":[{"href":"https:\/\/www.heliotropion.fr\/it\/wp-json\/wp\/v2\/types\/post"}],"author":[{"embeddable":true,"href":"https:\/\/www.heliotropion.fr\/it\/wp-json\/wp\/v2\/users\/3"}],"replies":[{"embeddable":true,"href":"https:\/\/www.heliotropion.fr\/it\/wp-json\/wp\/v2\/comments?post=8828"}],"version-history":[{"count":0,"href":"https:\/\/www.heliotropion.fr\/it\/wp-json\/wp\/v2\/posts\/8828\/revisions"}],"wp:featuredmedia":[{"embeddable":true,"href":"https:\/\/www.heliotropion.fr\/it\/wp-json\/wp\/v2\/media\/8830"}],"wp:attachment":[{"href":"https:\/\/www.heliotropion.fr\/it\/wp-json\/wp\/v2\/media?parent=8828"}],"wp:term":[{"taxonomy":"category","embeddable":true,"href":"https:\/\/www.heliotropion.fr\/it\/wp-json\/wp\/v2\/categories?post=8828"},{"taxonomy":"post_tag","embeddable":true,"href":"https:\/\/www.heliotropion.fr\/it\/wp-json\/wp\/v2\/tags?post=8828"},{"taxonomy":"post_series","embeddable":true,"href":"https:\/\/www.heliotropion.fr\/it\/wp-json\/wp\/v2\/post_series?post=8828"}],"curies":[{"name":"wp","href":"https:\/\/api.w.org\/{rel}","templated":true}]}}