{"id":8772,"date":"2020-03-04T09:21:53","date_gmt":"2020-03-04T08:21:53","guid":{"rendered":"https:\/\/www.heliotropion.fr\/?p=8772"},"modified":"2020-04-04T13:41:31","modified_gmt":"2020-04-04T12:41:31","slug":"du-26-avril-au-21-mai","status":"publish","type":"post","link":"https:\/\/www.heliotropion.fr\/it\/du-26-avril-au-21-mai\/","title":{"rendered":"du 26 avril au 21 mai"},"content":{"rendered":"[vc_row][vc_column width=&#8221;1\/2&#8243;][vc_column_text]\n<h4>ICI, l\u00e0-bas<\/h4>\n<p><span class=\"noShow\">\/\/ <\/span><strong>Communaut\u00e9 d&#8217;agglom\u00e9ration des Deux Baies en Montreuillois<\/strong><\/p>\n<p>Programmation dans le cadre de la r\u00e9sidence CLEA avec plusieurs repr\u00e9sentations du spectacle et des performance cr\u00e9\u00e9es en situ \u00e0 l\u2019occasion de diff\u00e9rentes manifestations culturelles.<\/p>\n<p>Programmation pr\u00e9visionnelle :<\/p>\n<p>&#8211; 26 avril &#8211; ICI, l\u00e0-bas (extrait)<br \/>\ndans le cadre du &#8220;week-end des Espaces Fortifi\u00e9s&#8221;<br \/>\nLa Citadelle de Montreuil-sur-Mer &#8211; d\u00e8s 11h<\/p>\n<p>&#8211; 16 mai, Carte Blanche pour la &#8220;Nuit des Mus\u00e9es Mus\u00e9e&#8221;<br \/>\ndu Touquet &#8211; Paris-Plage &#8211; d\u00e8s 18h<\/p>\n<p>&#8211; 16 mai &#8211; ICI, l\u00e0-bas<br \/>\nParc Saint-Walloy, Montreuil-sur-Mer -19h<\/p>\n<p>&#8211; 18 mai &#8211; ICI, l\u00e0-bas<br \/>\nFondation Calv\u00e9, Berck-sur-Mer -17h<\/p>\n<p>&#8211; 19 mai &#8211; ICI, l\u00e0-bas<br \/>\nSquare Duffit, Berck-sur-Mer &#8211; 15h<\/p>\n<p>&#8211; 20 mai &#8211; ICI, l\u00e0-bas (extrait) lecture dans\u00e9e<br \/>\ndans le cadre du Festival des Mots, \u00c9taples-sur-Mer &#8211; 15h<\/p>\n<p>&#8211; 21 mai &#8211; ICI, l\u00e0-bas<br \/>\nQuartier Arc-en-Ciel, Etaples-sur-Mer 15h et 17h<\/p>\n<p>&#8211; 29 mai &#8211; Performance<br \/>\nCl\u00f4ture du CL\u00c9A &#8211; Gymnase Roug\u00e9, Fruges d\u00e8s 18h30[\/vc_column_text][\/vc_column][vc_column width=&#8221;1\/2&#8243;][vc_single_image image=&#8221;8759&#8243; style=&#8221;vc_box_rounded&#8221; onclick=&#8221;zoom&#8221;][\/vc_column][\/vc_row]\n","protected":false},"excerpt":{"rendered":"<p>[vc_row][vc_column width=&#8221;1\/2&#8243;][vc_column_text] ICI, l\u00e0-bas \/\/ Communaut\u00e9 d&#8217;agglom\u00e9ration des Deux Baies en Montreuillois Programmation dans le cadre de la r\u00e9sidence CLEA avec plusieurs repr\u00e9sentations du spectacle et des performance cr\u00e9\u00e9es en situ \u00e0 l\u2019occasion de diff\u00e9rentes manifestations culturelles. Programmation pr\u00e9visionnelle :&hellip;<\/p>\n","protected":false},"author":3,"featured_media":8759,"comment_status":"closed","ping_status":"closed","sticky":false,"template":"","format":"standard","meta":{"_seopress_robots_primary_cat":"none","_seopress_titles_title":"","_seopress_titles_desc":"","_seopress_robots_index":"","footnotes":""},"categories":[7,34],"tags":[],"post_series":[],"class_list":["post-8772","post","type-post","status-publish","format-standard","has-post-thumbnail","hentry","category-spectacle","category-representations","entry","has-media"],"_links":{"self":[{"href":"https:\/\/www.heliotropion.fr\/it\/wp-json\/wp\/v2\/posts\/8772"}],"collection":[{"href":"https:\/\/www.heliotropion.fr\/it\/wp-json\/wp\/v2\/posts"}],"about":[{"href":"https:\/\/www.heliotropion.fr\/it\/wp-json\/wp\/v2\/types\/post"}],"author":[{"embeddable":true,"href":"https:\/\/www.heliotropion.fr\/it\/wp-json\/wp\/v2\/users\/3"}],"replies":[{"embeddable":true,"href":"https:\/\/www.heliotropion.fr\/it\/wp-json\/wp\/v2\/comments?post=8772"}],"version-history":[{"count":0,"href":"https:\/\/www.heliotropion.fr\/it\/wp-json\/wp\/v2\/posts\/8772\/revisions"}],"wp:featuredmedia":[{"embeddable":true,"href":"https:\/\/www.heliotropion.fr\/it\/wp-json\/wp\/v2\/media\/8759"}],"wp:attachment":[{"href":"https:\/\/www.heliotropion.fr\/it\/wp-json\/wp\/v2\/media?parent=8772"}],"wp:term":[{"taxonomy":"category","embeddable":true,"href":"https:\/\/www.heliotropion.fr\/it\/wp-json\/wp\/v2\/categories?post=8772"},{"taxonomy":"post_tag","embeddable":true,"href":"https:\/\/www.heliotropion.fr\/it\/wp-json\/wp\/v2\/tags?post=8772"},{"taxonomy":"post_series","embeddable":true,"href":"https:\/\/www.heliotropion.fr\/it\/wp-json\/wp\/v2\/post_series?post=8772"}],"curies":[{"name":"wp","href":"https:\/\/api.w.org\/{rel}","templated":true}]}}