{"id":8292,"date":"2017-07-20T07:04:56","date_gmt":"2017-07-20T06:04:56","guid":{"rendered":"http:\/\/www.heliotropion.fr\/?p=8292\/"},"modified":"2017-07-20T07:12:40","modified_gmt":"2017-07-20T06:12:40","slug":"invoice","status":"publish","type":"post","link":"https:\/\/www.heliotropion.fr\/it\/invoice\/","title":{"rendered":"9 juillet"},"content":{"rendered":"[vc_row][vc_column width=&#8221;1\/2&#8243;][vc_column_text]\n<h4>INVOICE<\/h4>\n<p><span class=\"noShow\">\/\/ <\/span><strong>Festival Sulle Orme<\/strong> \/ Cartec &#8211; Musei Civici &#8211; Cagliari<\/p>\n<p>C\u00e9l\u00e9bration des 80 ans de la mort de Antonio Gramsci<\/p>\n<p>Un solo de Clotilde Tiradritti, danse et chant cr\u00e9e en situ par la compagnie.<br \/>\nDans les sc\u00e8nes naturelles des grottes adjacentes \u00e0 la Galleria Comunale d\u2019Arte \u00e0 17h00 et 18h30<br \/>\n&#8220;Trilogia in miniature di danza&#8221;<br \/>\nNeuf artistes offriront sept chor\u00e9graphies de danse en miniatures en relation avec le projet d&#8217;arts visuels \u00ab Questa \u00e8 la mia terra\u00bb, dans le cadre de la c\u00e9l\u00e9bration du Mus\u00e9e \u00e0 l\u2019occasion de la quatre-vingti\u00e8me ann\u00e9e apr\u00e8s la mort d&#8217;Antonio Gramsci.<br \/>\nEv\u00e9nement r\u00e9alis\u00e9 par le r\u00e9seau &#8220;Nino dove sei \u00bb (de Raffaella et Bruno Venturi).[\/vc_column_text][\/vc_column][vc_column width=&#8221;1\/2&#8243;][vc_single_image image=&#8221;8280&#8243; style=&#8221;vc_box_rounded&#8221; onclick=&#8221;zoom&#8221;][\/vc_column][\/vc_row]\n","protected":false},"excerpt":{"rendered":"<p>[vc_row][vc_column width=&#8221;1\/2&#8243;][vc_column_text] INVOICE \/\/ Festival Sulle Orme \/ Cartec &#8211; Musei Civici &#8211; Cagliari C\u00e9l\u00e9bration des 80 ans de la mort de Antonio Gramsci Un solo de Clotilde Tiradritti, danse et chant cr\u00e9e en situ par la compagnie. Dans les&hellip;<\/p>\n","protected":false},"author":3,"featured_media":8280,"comment_status":"closed","ping_status":"closed","sticky":false,"template":"","format":"standard","meta":{"_seopress_robots_primary_cat":"","_seopress_titles_title":"","_seopress_titles_desc":"","_seopress_robots_index":"","footnotes":""},"categories":[4,7,34],"tags":[],"post_series":[],"class_list":["post-8292","post","type-post","status-publish","format-standard","has-post-thumbnail","hentry","category-les-news","category-spectacle","category-representations","entry","has-media"],"_links":{"self":[{"href":"https:\/\/www.heliotropion.fr\/it\/wp-json\/wp\/v2\/posts\/8292"}],"collection":[{"href":"https:\/\/www.heliotropion.fr\/it\/wp-json\/wp\/v2\/posts"}],"about":[{"href":"https:\/\/www.heliotropion.fr\/it\/wp-json\/wp\/v2\/types\/post"}],"author":[{"embeddable":true,"href":"https:\/\/www.heliotropion.fr\/it\/wp-json\/wp\/v2\/users\/3"}],"replies":[{"embeddable":true,"href":"https:\/\/www.heliotropion.fr\/it\/wp-json\/wp\/v2\/comments?post=8292"}],"version-history":[{"count":0,"href":"https:\/\/www.heliotropion.fr\/it\/wp-json\/wp\/v2\/posts\/8292\/revisions"}],"wp:featuredmedia":[{"embeddable":true,"href":"https:\/\/www.heliotropion.fr\/it\/wp-json\/wp\/v2\/media\/8280"}],"wp:attachment":[{"href":"https:\/\/www.heliotropion.fr\/it\/wp-json\/wp\/v2\/media?parent=8292"}],"wp:term":[{"taxonomy":"category","embeddable":true,"href":"https:\/\/www.heliotropion.fr\/it\/wp-json\/wp\/v2\/categories?post=8292"},{"taxonomy":"post_tag","embeddable":true,"href":"https:\/\/www.heliotropion.fr\/it\/wp-json\/wp\/v2\/tags?post=8292"},{"taxonomy":"post_series","embeddable":true,"href":"https:\/\/www.heliotropion.fr\/it\/wp-json\/wp\/v2\/post_series?post=8292"}],"curies":[{"name":"wp","href":"https:\/\/api.w.org\/{rel}","templated":true}]}}