{"id":8252,"date":"2017-05-10T22:57:52","date_gmt":"2017-05-10T21:57:52","guid":{"rendered":"http:\/\/www.heliotropion.fr\/?p=8252\/"},"modified":"2017-06-12T11:46:26","modified_gmt":"2017-06-12T10:46:26","slug":"in-situ-paris-porto","status":"publish","type":"post","link":"https:\/\/www.heliotropion.fr\/it\/in-situ-paris-porto\/","title":{"rendered":"In # situ &#8211; Paris \/ Porto"},"content":{"rendered":"[vc_row][vc_column width=&#8221;1\/2&#8243;][vc_column_text]\n<h4>In # Situ<\/h4>\n<p><span class=\"noShow\">\/\/ <\/span><strong>Paris \/ Porto<\/strong><\/p>\n<p>Apr\u00e8s Cagliari la compagnie travaille depuis plusieurs mois \u00e0 la mise en place du projet dans les villes de Paris et Porto : recherches, ateliers d\u2019\u00e9criture, exp\u00e9rimentations urbaines, interviews et r\u00e9coltes de t\u00e9moignages aupr\u00e8s des habitants.<\/p>\n<p>A Paris un appel \u00e0 participation \u00abLe regard de vos mots sur la ville\u00bb<br \/>\n\u00e0 \u00e9t\u00e9 lanc\u00e9 afin de r\u00e9colter les phrases de habitants sur la ville.<\/p>\n<p>Vous pouvez participer au projet en envoyant vos phrases qui serviront \u00e0 la mati\u00e8re de la cr\u00e9ation en suivant le lien ci-dessous.<\/p>\n<p>Rendez vous pour les premi\u00e8res restitutions participatives :<br \/>\n&#8211; le 11 juin au festival Entrez dans la danse \u00e0 Paris<br \/>\n&#8211; les 25 et 26 juin au Kinesis Health Studio \u00e0 Porto.<br \/>\n[\/vc_column_text][\/vc_column][vc_column width=&#8221;1\/2&#8243;][vc_single_image image=&#8221;8254&#8243; style=&#8221;vc_box_rounded&#8221; onclick=&#8221;zoom&#8221;][\/vc_column][\/vc_row][vc_row][vc_column width=&#8221;1\/3&#8243;][vc_column_text]\n<h5>Le regard de vos mots<br \/>\nsur la ville<\/h5>\n[\/vc_column_text][\/vc_column][vc_column width=&#8221;1\/3&#8243;][vc_btn title=&#8221;Formulaire&#8221; color=&#8221;inverse&#8221; link=&#8221;url:http%3A%2F%2Fwww.heliotropion.fr%2Fin-situ%2Fin-situ-formulaire-de-participation%2F||target:%20_blank|&#8221;][\/vc_column][vc_column width=&#8221;1\/3&#8243;][\/vc_column][\/vc_row]\n","protected":false},"excerpt":{"rendered":"<p>[vc_row][vc_column width=&#8221;1\/2&#8243;][vc_column_text] In # Situ \/\/ Paris \/ Porto Apr\u00e8s Cagliari la compagnie travaille depuis plusieurs mois \u00e0 la mise en place du projet dans les villes de Paris et Porto : recherches, ateliers d\u2019\u00e9criture, exp\u00e9rimentations urbaines, interviews et r\u00e9coltes&hellip;<\/p>\n","protected":false},"author":3,"featured_media":8254,"comment_status":"closed","ping_status":"closed","sticky":false,"template":"","format":"standard","meta":{"_seopress_robots_primary_cat":"","_seopress_titles_title":"","_seopress_titles_desc":"","_seopress_robots_index":"","footnotes":""},"categories":[4,33],"tags":[],"post_series":[],"class_list":["post-8252","post","type-post","status-publish","format-standard","has-post-thumbnail","hentry","category-les-news","category-projet","entry","has-media"],"_links":{"self":[{"href":"https:\/\/www.heliotropion.fr\/it\/wp-json\/wp\/v2\/posts\/8252"}],"collection":[{"href":"https:\/\/www.heliotropion.fr\/it\/wp-json\/wp\/v2\/posts"}],"about":[{"href":"https:\/\/www.heliotropion.fr\/it\/wp-json\/wp\/v2\/types\/post"}],"author":[{"embeddable":true,"href":"https:\/\/www.heliotropion.fr\/it\/wp-json\/wp\/v2\/users\/3"}],"replies":[{"embeddable":true,"href":"https:\/\/www.heliotropion.fr\/it\/wp-json\/wp\/v2\/comments?post=8252"}],"version-history":[{"count":0,"href":"https:\/\/www.heliotropion.fr\/it\/wp-json\/wp\/v2\/posts\/8252\/revisions"}],"wp:featuredmedia":[{"embeddable":true,"href":"https:\/\/www.heliotropion.fr\/it\/wp-json\/wp\/v2\/media\/8254"}],"wp:attachment":[{"href":"https:\/\/www.heliotropion.fr\/it\/wp-json\/wp\/v2\/media?parent=8252"}],"wp:term":[{"taxonomy":"category","embeddable":true,"href":"https:\/\/www.heliotropion.fr\/it\/wp-json\/wp\/v2\/categories?post=8252"},{"taxonomy":"post_tag","embeddable":true,"href":"https:\/\/www.heliotropion.fr\/it\/wp-json\/wp\/v2\/tags?post=8252"},{"taxonomy":"post_series","embeddable":true,"href":"https:\/\/www.heliotropion.fr\/it\/wp-json\/wp\/v2\/post_series?post=8252"}],"curies":[{"name":"wp","href":"https:\/\/api.w.org\/{rel}","templated":true}]}}