{"id":7670,"date":"2016-11-23T13:13:03","date_gmt":"2016-11-23T12:13:03","guid":{"rendered":"http:\/\/www.heliotropion.fr\/?p=7670"},"modified":"2017-04-06T08:06:59","modified_gmt":"2017-04-06T07:06:59","slug":"du-24-novembre-au-4-decembre-cagliari","status":"publish","type":"post","link":"https:\/\/www.heliotropion.fr\/it\/du-24-novembre-au-4-decembre-cagliari\/","title":{"rendered":"du 24 nov. au 4 d\u00e9c. &#8211; Cagliari"},"content":{"rendered":"[vc_row][vc_column width=&#8221;1\/2&#8243;][vc_column_text]\n<h4>In # Situ &amp; In # Visible<\/h4>\n<p><span class=\"noShow\">\/\/ <\/span>Teater T.OFF &#8211; Officina delle Arti Sceniche<br \/>\nTh\u00e9\u00e2tre Si e Boi de Salargius<br \/>\nFestival le Meraviglie del possibile<\/p>\n<p>Deuxi\u00e8me session du projet europ\u00e9en In # Situ<br \/>\nResidence artistique et cr\u00e9ation.<\/p>\n<p>Reprise du spectacle In # visible.<br \/>\nRepresentations : du 2 au 4 d\u00e9cembre<\/p>\n<p>avec la collaboration du Teatro T.OFF &#8211; Officina delle<br \/>\nArti Sceniche et il festival Le meraviglie del possibile[\/vc_column_text][\/vc_column][vc_column width=&#8221;1\/2&#8243;][vc_single_image image=&#8221;7671&#8243; style=&#8221;vc_box_rounded&#8221; onclick=&#8221;zoom&#8221;][\/vc_column][\/vc_row][vc_row][vc_column width=&#8221;1\/3&#8243;][\/vc_column][vc_column width=&#8221;1\/3&#8243;][\/vc_column][vc_column width=&#8221;1\/3&#8243;][\/vc_column][\/vc_row]\n","protected":false},"excerpt":{"rendered":"<p>[vc_row][vc_column width=&#8221;1\/2&#8243;][vc_column_text] In # Situ &amp; In # Visible \/\/ Teater T.OFF &#8211; Officina delle Arti Sceniche Th\u00e9\u00e2tre Si e Boi de Salargius Festival le Meraviglie del possibile Deuxi\u00e8me session du projet europ\u00e9en In # Situ Residence artistique et cr\u00e9ation.&hellip;<\/p>\n","protected":false},"author":3,"featured_media":7671,"comment_status":"closed","ping_status":"closed","sticky":false,"template":"","format":"standard","meta":{"_seopress_robots_primary_cat":"","_seopress_titles_title":"","_seopress_titles_desc":"","_seopress_robots_index":"","footnotes":""},"categories":[4,7,33,34],"tags":[],"post_series":[],"class_list":["post-7670","post","type-post","status-publish","format-standard","has-post-thumbnail","hentry","category-les-news","category-spectacle","category-projet","category-representations","entry","has-media"],"_links":{"self":[{"href":"https:\/\/www.heliotropion.fr\/it\/wp-json\/wp\/v2\/posts\/7670"}],"collection":[{"href":"https:\/\/www.heliotropion.fr\/it\/wp-json\/wp\/v2\/posts"}],"about":[{"href":"https:\/\/www.heliotropion.fr\/it\/wp-json\/wp\/v2\/types\/post"}],"author":[{"embeddable":true,"href":"https:\/\/www.heliotropion.fr\/it\/wp-json\/wp\/v2\/users\/3"}],"replies":[{"embeddable":true,"href":"https:\/\/www.heliotropion.fr\/it\/wp-json\/wp\/v2\/comments?post=7670"}],"version-history":[{"count":0,"href":"https:\/\/www.heliotropion.fr\/it\/wp-json\/wp\/v2\/posts\/7670\/revisions"}],"wp:featuredmedia":[{"embeddable":true,"href":"https:\/\/www.heliotropion.fr\/it\/wp-json\/wp\/v2\/media\/7671"}],"wp:attachment":[{"href":"https:\/\/www.heliotropion.fr\/it\/wp-json\/wp\/v2\/media?parent=7670"}],"wp:term":[{"taxonomy":"category","embeddable":true,"href":"https:\/\/www.heliotropion.fr\/it\/wp-json\/wp\/v2\/categories?post=7670"},{"taxonomy":"post_tag","embeddable":true,"href":"https:\/\/www.heliotropion.fr\/it\/wp-json\/wp\/v2\/tags?post=7670"},{"taxonomy":"post_series","embeddable":true,"href":"https:\/\/www.heliotropion.fr\/it\/wp-json\/wp\/v2\/post_series?post=7670"}],"curies":[{"name":"wp","href":"https:\/\/api.w.org\/{rel}","templated":true}]}}