{"id":8359,"date":"2018-03-12T19:31:16","date_gmt":"2018-03-12T18:31:16","guid":{"rendered":"http:\/\/www.heliotropion.fr\/?p=8359"},"modified":"2018-05-16T21:58:08","modified_gmt":"2018-05-16T20:58:08","slug":"15-et-15-avril","status":"publish","type":"post","link":"https:\/\/www.heliotropion.fr\/en\/15-et-15-avril\/","title":{"rendered":"14 et 15 Avril"},"content":{"rendered":"[vc_row][vc_column width=&#8221;1\/2&#8243;][vc_column_text]\n<h4>ICI, L\u00e0-bas<\/h4>\n<p><span class=\"noShow\">\/\/ <\/span><strong>Avant-sortie du projet<\/strong><\/p>\n<p>avec 2 extraits de 10 minutes.<\/p>\n<p>Le 14 avril au Centre Culturel Jean Vilar \u00e0 Marly-le-Roi<br \/>\n&#8220;Rencontres de danse contemporaine&#8221; \u00e0 20h30.<\/p>\n<p>Le 15 avril dans le cadre de &#8220;Place Libre&#8221; \u00e0 Montreuil.[\/vc_column_text][\/vc_column][vc_column width=&#8221;1\/2&#8243;][vc_single_image image=&#8221;8312&#8243; style=&#8221;vc_box_rounded&#8221; onclick=&#8221;zoom&#8221;][\/vc_column][\/vc_row]\n","protected":false},"excerpt":{"rendered":"<p>[vc_row][vc_column width=&#8221;1\/2&#8243;][vc_column_text] ICI, L\u00e0-bas \/\/ Avant-sortie du projet avec 2 extraits de 10 minutes. Le 14 avril au Centre Culturel Jean Vilar \u00e0 Marly-le-Roi &#8220;Rencontres de danse contemporaine&#8221; \u00e0 20h30. Le 15 avril dans le cadre de &#8220;Place Libre&#8221; \u00e0&hellip;<\/p>\n","protected":false},"author":3,"featured_media":8348,"comment_status":"closed","ping_status":"closed","sticky":false,"template":"","format":"standard","meta":{"_seopress_robots_primary_cat":"","_seopress_titles_title":"","_seopress_titles_desc":"","_seopress_robots_index":"","footnotes":""},"categories":[1],"tags":[],"post_series":[],"class_list":["post-8359","post","type-post","status-publish","format-standard","has-post-thumbnail","hentry","category-non-classe","entry","has-media"],"_links":{"self":[{"href":"https:\/\/www.heliotropion.fr\/en\/wp-json\/wp\/v2\/posts\/8359"}],"collection":[{"href":"https:\/\/www.heliotropion.fr\/en\/wp-json\/wp\/v2\/posts"}],"about":[{"href":"https:\/\/www.heliotropion.fr\/en\/wp-json\/wp\/v2\/types\/post"}],"author":[{"embeddable":true,"href":"https:\/\/www.heliotropion.fr\/en\/wp-json\/wp\/v2\/users\/3"}],"replies":[{"embeddable":true,"href":"https:\/\/www.heliotropion.fr\/en\/wp-json\/wp\/v2\/comments?post=8359"}],"version-history":[{"count":0,"href":"https:\/\/www.heliotropion.fr\/en\/wp-json\/wp\/v2\/posts\/8359\/revisions"}],"wp:featuredmedia":[{"embeddable":true,"href":"https:\/\/www.heliotropion.fr\/en\/wp-json\/wp\/v2\/media\/8348"}],"wp:attachment":[{"href":"https:\/\/www.heliotropion.fr\/en\/wp-json\/wp\/v2\/media?parent=8359"}],"wp:term":[{"taxonomy":"category","embeddable":true,"href":"https:\/\/www.heliotropion.fr\/en\/wp-json\/wp\/v2\/categories?post=8359"},{"taxonomy":"post_tag","embeddable":true,"href":"https:\/\/www.heliotropion.fr\/en\/wp-json\/wp\/v2\/tags?post=8359"},{"taxonomy":"post_series","embeddable":true,"href":"https:\/\/www.heliotropion.fr\/en\/wp-json\/wp\/v2\/post_series?post=8359"}],"curies":[{"name":"wp","href":"https:\/\/api.w.org\/{rel}","templated":true}]}}